{"id":1691,"date":"2012-10-09T08:56:47","date_gmt":"2012-10-09T10:56:47","guid":{"rendered":"http:\/\/blogpratocheio.wordpress.com\/?p=1691"},"modified":"2012-10-09T08:56:47","modified_gmt":"2012-10-09T10:56:47","slug":"agora-assista","status":"publish","type":"post","link":"https:\/\/pratocheio.org.br\/en\/sem-categoria\/agora-assista\/","title":{"rendered":"NOW WATCH\u2026"},"content":{"rendered":"<p style=\"text-align:justify;\"><strong><a href=\"http:\/\/blogpratocheio.wordpress.com\/2012\/10\/09\/agora-assista\/camera\/\" rel=\"attachment wp-att-1700\"><img loading=\"lazy\" decoding=\"async\" class=\"alignleft size-thumbnail wp-image-1700\" title=\"camera\" src=\"http:\/\/blogpratocheio.files.wordpress.com\/2012\/10\/camera.jpg?w=150\" alt=\"\" width=\"103\" height=\"81\" \/><\/a><\/strong><\/p>\n<p style=\"text-align:justify;\">\n<p style=\"text-align:justify;\"><strong>Curta-metragem: Ilha das Flores do cineasta Jorge Furtado<br \/>\n<\/strong><\/p>\n<p style=\"text-align:justify;\">Jorge Furtado, cineasta gaucho, dirigiu longas como: <a href=\"http:\/\/pt.wikipedia.org\/wiki\/Houve_uma_Vez_Dois_Ver%C3%B5es\">Houve uma Vez Dois<\/a><a href=\"http:\/\/pt.wikipedia.org\/wiki\/Houve_uma_Vez_Dois_Ver%C3%B5es\"> Ver\u00f5es<\/a>, <a href=\"http:\/\/pt.wikipedia.org\/wiki\/O_Homem_que_Copiava\">O Homem que Copiava<\/a>, <a href=\"http:\/\/pt.wikipedia.org\/wiki\/Meu_Tio_Matou_um_Cara\">Meu Tio Matou Um Cara<\/a>.<\/p>\n<p style=\"text-align:justify;\"><a href=\"http:\/\/blogpratocheio.wordpress.com\/2012\/10\/09\/agora-assista\/furtado-2\/\" rel=\"attachment wp-att-1707\"><img loading=\"lazy\" decoding=\"async\" class=\"alignright size-medium wp-image-1707\" title=\"furtado\" src=\"http:\/\/blogpratocheio.files.wordpress.com\/2012\/10\/furtado1.jpg?w=205\" alt=\"\" width=\"62\" height=\"91\" \/><\/a><\/p>\n<p style=\"text-align:justify;\">Em 1989 apresentou uma das suas obras mais premiadas, o curta-metragem Ilha das Flores, com t\u00edtulos como o melhor filme de curta-metragem no\u00a0<a title=\"Festival de Gramado\" href=\"http:\/\/pt.wikipedia.org\/wiki\/Festival_de_Gramado\">Festival de Gramado<\/a>, 1989; <a title=\"Urso de Prata\" href=\"http:\/\/pt.wikipedia.org\/wiki\/Urso_de_Prata\">Urso de Prata<\/a>,\u00a01990; melhor curta-metragem brasileiro nos <a title=\"Pr\u00eamio Air France\" href=\"http:\/\/pt.wikipedia.org\/wiki\/Pr%C3%AAmio_Air_France\">pr\u00eamios de Air France<\/a>, 1990; <a title=\"Pr\u00eamio Margarida de Prata\" href=\"http:\/\/pt.wikipedia.org\/wiki\/Pr%C3%AAmio_Margarida_de_Prata\">Pr\u00eamio Margarida de Prata<\/a>, 1990.<\/p>\n<p style=\"text-align:justify;\">\n<p style=\"text-align:justify;\">Ilha das Flores de Jorge Furtado descreve as etapas que os alimentos percorrem, representado pelo tomate, desde a sua produ\u00e7\u00e3o at\u00e9 seu destino final. Durante cada etapa, aponta valores e julgamento atribu\u00eddos pelos seres humanos que culminaram no destino desses alimentos.<\/p>\n<p style=\"text-align:justify;\">No curta \u00e9 mostrado como as diferen\u00e7as de alimento e do lixo esta liga por valores creditados por pessoas, designando quando um alimento \u00e9 apropriado para o consumo ou n\u00e3o. Enquanto uma fam\u00edlia de classe media, classifica um tomate como lixo, esse mesmo vegetal \u00e9 considerado um alimento por outras fam\u00edlias de pessoas e animais.<\/p>\n<p style=\"text-align:justify;\"><a href=\"http:\/\/blogpratocheio.wordpress.com\/2012\/10\/09\/agora-assista\/flores-3\/\" rel=\"attachment wp-att-1706\"><img loading=\"lazy\" decoding=\"async\" class=\"alignleft size-medium wp-image-1706\" title=\"flores\" src=\"http:\/\/blogpratocheio.files.wordpress.com\/2012\/10\/flores2.jpg?w=300\" alt=\"\" width=\"300\" height=\"190\" \/><\/a><\/p>\n<p style=\"text-align:justify;\">Furtado relata como os seres humanos e animais s\u00e3o segregados e colocados em diferentes n\u00edveis hier\u00e1rquicos, no qual os n\u00edveis mais altos t\u00eam direitos de decidirem de forma mais abrangente se um tomate \u00e9 alimento ou lixo; os n\u00edveis medianos est\u00e3o resignados \u00e0 escolha dos n\u00edveis mais altos, podendo decidir se seus lixos s\u00e3o alimentos ou n\u00e3o e por fim todo ser vivo nos n\u00edveis mais baixo est\u00e3o sujeitos aos restos rejeitados pelos n\u00edveis anteriores.<\/p>\n<p style=\"text-align:justify;\">Existem dois fatores principais que regem essa segrega\u00e7\u00e3o, primeiro condi\u00e7\u00e3o financeira, segundo a propriedade privada.<\/p>\n<p style=\"text-align:justify;\">Os n\u00edveis mais altos s\u00e3o ocupados pelas pessoas com recursos financeiros para compra os alimentos; os n\u00edveis medianos s\u00e3o designados a tudo que for propriedades das pessoas com recursos financeiros, no caso do curta, os porcos, logo seus direitos est\u00e3o relacionados com a vontade de seus donos; j\u00e1 os n\u00edveis mais baixos s\u00e3o encontrados tudo que n\u00e3o tem dono ou dinheiros, no caso s\u00e3o os moradores da Ilha das Flores, n\u00e3o tem dinheiro ou donos para garantir algum direito sobre os tomates.<\/p>\n<p style=\"text-align:justify;\">\n<p style=\"text-align:justify;\">Furtado ao longo do curta aponta a ideia de que, por mais que os seres humanos sejam dotados de uma capacidade \u00fanica de entender, analisar e compreender fatos l\u00f3gicos, somado a uma capacidade motora privilegiada, que possibilitou uma serie de conquistas na qual melhoraram a suas condi\u00e7\u00f5es de vida. Mesmo assim existe uma supervaloriza\u00e7\u00e3o do dinheiro e propriedade privada que levam a\u00e7\u00f5es que resultam na segrega\u00e7\u00e3o entre indiv\u00edduos da mesma esp\u00e9cie.<\/p>\n<p style=\"text-align:justify;\">No curta-metragem, existe uma forte mensagem contra o desperd\u00edcio. Nos, seres humanos privilegiados nos n\u00edveis mais altos dessa hierarquia, devemos ampliar nossa consci\u00eancia em rela\u00e7\u00e3o ao desperd\u00edcio, a fim de perceber que nosso lixo alimenta essa segrega\u00e7\u00e3o, sendo consequ\u00eancia dos nossos h\u00e1bitos. Devemos come\u00e7ar a pensar que cada tomate, alface, cenoura, fruta, vegetal, alimentos que jogamos no lixo poderia alimentar outro ser humano, assim como nos, com tele enc\u00e9falo e polegar opositor.<\/p>\n<p style=\"text-align:justify;\">Agora assista o curta em: [youtube=http:\/\/youtu.be\/Hh6ra-18mY8]<\/p>\n","protected":false},"excerpt":{"rendered":"<p>Short film: Ilha das Flores by filmmaker Jorge Furtado Jorge Furtado, a filmmaker from Rio Grande do Sul, directed features such as: There Was a Time Two Summers, The Man Who Copied, Meu Tio Matou Um Cara. In 1989 he presented one of his most awarded works, the short film Ilha das Flores, with titles such as best short film at the Gramado Festival, 1989;\u2026&nbsp;<a href=\"https:\/\/pratocheio.org.br\/en\/sem-categoria\/agora-assista\/\" rel=\"bookmark\">Read More \u00bb<span class=\"screen-reader-text\">NOW WATCH\u2026<\/span><\/a><\/p>","protected":false},"author":1,"featured_media":0,"comment_status":"open","ping_status":"open","sticky":false,"template":"","format":"standard","meta":{"neve_meta_sidebar":"","neve_meta_container":"","neve_meta_enable_content_width":"","neve_meta_content_width":0,"neve_meta_title_alignment":"","neve_meta_author_avatar":"","neve_post_elements_order":"","neve_meta_disable_header":"","neve_meta_disable_footer":"","neve_meta_disable_title":"","_themeisle_gutenberg_block_has_review":false,"footnotes":""},"categories":[1],"tags":[],"class_list":["post-1691","post","type-post","status-publish","format-standard","hentry","category-sem-categoria"],"_links":{"self":[{"href":"https:\/\/pratocheio.org.br\/en\/wp-json\/wp\/v2\/posts\/1691","targetHints":{"allow":["GET"]}}],"collection":[{"href":"https:\/\/pratocheio.org.br\/en\/wp-json\/wp\/v2\/posts"}],"about":[{"href":"https:\/\/pratocheio.org.br\/en\/wp-json\/wp\/v2\/types\/post"}],"author":[{"embeddable":true,"href":"https:\/\/pratocheio.org.br\/en\/wp-json\/wp\/v2\/users\/1"}],"replies":[{"embeddable":true,"href":"https:\/\/pratocheio.org.br\/en\/wp-json\/wp\/v2\/comments?post=1691"}],"version-history":[{"count":0,"href":"https:\/\/pratocheio.org.br\/en\/wp-json\/wp\/v2\/posts\/1691\/revisions"}],"wp:attachment":[{"href":"https:\/\/pratocheio.org.br\/en\/wp-json\/wp\/v2\/media?parent=1691"}],"wp:term":[{"taxonomy":"category","embeddable":true,"href":"https:\/\/pratocheio.org.br\/en\/wp-json\/wp\/v2\/categories?post=1691"},{"taxonomy":"post_tag","embeddable":true,"href":"https:\/\/pratocheio.org.br\/en\/wp-json\/wp\/v2\/tags?post=1691"}],"curies":[{"name":"wp","href":"https:\/\/api.w.org\/{rel}","templated":true}]}}